{"id":156,"date":"2019-01-15T08:38:10","date_gmt":"2019-01-15T08:38:10","guid":{"rendered":"http:\/\/dasgrossekleinehaus.de\/?p=156"},"modified":"2019-08-04T11:18:28","modified_gmt":"2019-08-04T11:18:28","slug":"infoveranstaltung-im-import-export","status":"publish","type":"post","link":"https:\/\/dasgrossekleinehaus.de\/?p=156","title":{"rendered":"Dezember 2018: Infoveranstaltung im Import Export"},"content":{"rendered":"\n<p>Am 8. Dezember 2018 fand unsere erste \u00f6ffentliche Infoveranstaltung im Import Export im &#8218;Labor&#8216; im Kreativquartier M\u00fcnchen statt.<\/p>\n\n\n\n<p>Es kamen ca. 100 Interessierte und Neugierige, die sich unser Konzept f\u00fcr eine Genossenschaft f\u00fcr gemischt genutzte H\u00e4user angeh\u00f6rt haben. Im Anschluss an unsere Pr\u00e4sentation wurden in einer gemeinsamen Diskussion zahlreiche Fragen zur Mischung von Wohnen und Arbeiten, zur Finanzierung, zur Mitgliedschaft und zu den n\u00e4chsten Schritten thematisiert. Viele Interessierte haben eine erste Interessensbekundung mit ihren W\u00fcnschen nach R\u00e4umen f\u00fcr Gewerbe, Ateliers und\/oder Wohnen ausgef\u00fcllt.<\/p>\n\n\n\n<figure class=\"wp-block-image\"><img loading=\"lazy\" decoding=\"async\" width=\"1024\" height=\"510\" src=\"https:\/\/dasgrossekleinehaus.de\/wp-content\/uploads\/2019\/08\/181208_dgkh_importexport_webfotos_1024-1024x510.jpg\" alt=\"\" class=\"wp-image-184\" srcset=\"https:\/\/dasgrossekleinehaus.de\/wp-content\/uploads\/2019\/08\/181208_dgkh_importexport_webfotos_1024.jpg 1024w, https:\/\/dasgrossekleinehaus.de\/wp-content\/uploads\/2019\/08\/181208_dgkh_importexport_webfotos_1024-300x149.jpg 300w, https:\/\/dasgrossekleinehaus.de\/wp-content\/uploads\/2019\/08\/181208_dgkh_importexport_webfotos_1024-768x383.jpg 768w, https:\/\/dasgrossekleinehaus.de\/wp-content\/uploads\/2019\/08\/181208_dgkh_importexport_webfotos_1024-640x319.jpg 640w\" sizes=\"auto, (max-width: 1024px) 100vw, 1024px\" \/><figcaption>\u00d6ffentliche Infoveranstaltung im Import Export im Kreativquartier M\u00fcnchen<\/figcaption><\/figure>\n","protected":false},"excerpt":{"rendered":"<p>Am 8. Dezember 2018 fand unsere erste \u00f6ffentliche Infoveranstaltung im Import Export im &#8218;Labor&#8216; im Kreativquartier M\u00fcnchen statt. Es kamen ca. 100 Interessierte und Neugierige, die sich unser Konzept f\u00fcr eine Genossenschaft f\u00fcr gemischt genutzte H\u00e4user angeh\u00f6rt haben. Im Anschluss an unsere Pr\u00e4sentation wurden in einer gemeinsamen Diskussion zahlreiche Fragen zur Mischung von Wohnen und [&hellip;]<\/p>\n","protected":false},"author":1,"featured_media":0,"comment_status":"open","ping_status":"open","sticky":false,"template":"","format":"standard","meta":{"footnotes":""},"categories":[1],"tags":[],"class_list":["post-156","post","type-post","status-publish","format-standard","hentry","category-uncategorized"],"_links":{"self":[{"href":"https:\/\/dasgrossekleinehaus.de\/index.php?rest_route=\/wp\/v2\/posts\/156","targetHints":{"allow":["GET"]}}],"collection":[{"href":"https:\/\/dasgrossekleinehaus.de\/index.php?rest_route=\/wp\/v2\/posts"}],"about":[{"href":"https:\/\/dasgrossekleinehaus.de\/index.php?rest_route=\/wp\/v2\/types\/post"}],"author":[{"embeddable":true,"href":"https:\/\/dasgrossekleinehaus.de\/index.php?rest_route=\/wp\/v2\/users\/1"}],"replies":[{"embeddable":true,"href":"https:\/\/dasgrossekleinehaus.de\/index.php?rest_route=%2Fwp%2Fv2%2Fcomments&post=156"}],"version-history":[{"count":4,"href":"https:\/\/dasgrossekleinehaus.de\/index.php?rest_route=\/wp\/v2\/posts\/156\/revisions"}],"predecessor-version":[{"id":185,"href":"https:\/\/dasgrossekleinehaus.de\/index.php?rest_route=\/wp\/v2\/posts\/156\/revisions\/185"}],"wp:attachment":[{"href":"https:\/\/dasgrossekleinehaus.de\/index.php?rest_route=%2Fwp%2Fv2%2Fmedia&parent=156"}],"wp:term":[{"taxonomy":"category","embeddable":true,"href":"https:\/\/dasgrossekleinehaus.de\/index.php?rest_route=%2Fwp%2Fv2%2Fcategories&post=156"},{"taxonomy":"post_tag","embeddable":true,"href":"https:\/\/dasgrossekleinehaus.de\/index.php?rest_route=%2Fwp%2Fv2%2Ftags&post=156"}],"curies":[{"name":"wp","href":"https:\/\/api.w.org\/{rel}","templated":true}]}}