{"id":191,"date":"2019-05-04T11:48:41","date_gmt":"2019-05-04T11:48:41","guid":{"rendered":"http:\/\/dasgrossekleinehaus.de\/?p=191"},"modified":"2021-07-23T10:11:11","modified_gmt":"2021-07-23T10:11:11","slug":"mitgliederversammlung-mit-den-neuen-genossinnen","status":"publish","type":"post","link":"https:\/\/dasgrossekleinehaus.de\/?p=191","title":{"rendered":"M\u00e4rz 2019: Erste Mitgliederversammlung mit den neuen Genoss*innen im mucca"},"content":{"rendered":"\n<p>Am 26. M\u00e4rz kamen wir im <a href=\"http:\/\/mucca.org\/\">Mucca<\/a> im Kreativquartier zum ersten Mal in gro\u00dfer Runde zur Mitgliederversammlung zusammen. Wir sind jetzt \u00fcber 50 Genoss*innen. Im Diskurs \u00fcber Lieblingsorte, informelle Qualit\u00e4ten, gemeinschaftliche R\u00e4ume und Lebensvorstellungen haben wir offen \u00fcber Ziele f\u00fcr unser erstes gemeinsames Hausprojekt.<\/p>\n","protected":false},"excerpt":{"rendered":"<p>Am 26. M\u00e4rz kamen wir im Mucca im Kreativquartier zum ersten Mal in gro\u00dfer Runde zur Mitgliederversammlung zusammen. Wir sind jetzt \u00fcber 50 Genoss*innen. Im Diskurs \u00fcber Lieblingsorte, informelle Qualit\u00e4ten, gemeinschaftliche R\u00e4ume und Lebensvorstellungen haben wir offen \u00fcber Ziele f\u00fcr unser erstes gemeinsames Hausprojekt.<\/p>\n","protected":false},"author":1,"featured_media":0,"comment_status":"open","ping_status":"open","sticky":false,"template":"","format":"standard","meta":{"footnotes":""},"categories":[1],"tags":[],"class_list":["post-191","post","type-post","status-publish","format-standard","hentry","category-uncategorized"],"_links":{"self":[{"href":"https:\/\/dasgrossekleinehaus.de\/index.php?rest_route=\/wp\/v2\/posts\/191","targetHints":{"allow":["GET"]}}],"collection":[{"href":"https:\/\/dasgrossekleinehaus.de\/index.php?rest_route=\/wp\/v2\/posts"}],"about":[{"href":"https:\/\/dasgrossekleinehaus.de\/index.php?rest_route=\/wp\/v2\/types\/post"}],"author":[{"embeddable":true,"href":"https:\/\/dasgrossekleinehaus.de\/index.php?rest_route=\/wp\/v2\/users\/1"}],"replies":[{"embeddable":true,"href":"https:\/\/dasgrossekleinehaus.de\/index.php?rest_route=%2Fwp%2Fv2%2Fcomments&post=191"}],"version-history":[{"count":5,"href":"https:\/\/dasgrossekleinehaus.de\/index.php?rest_route=\/wp\/v2\/posts\/191\/revisions"}],"predecessor-version":[{"id":232,"href":"https:\/\/dasgrossekleinehaus.de\/index.php?rest_route=\/wp\/v2\/posts\/191\/revisions\/232"}],"wp:attachment":[{"href":"https:\/\/dasgrossekleinehaus.de\/index.php?rest_route=%2Fwp%2Fv2%2Fmedia&parent=191"}],"wp:term":[{"taxonomy":"category","embeddable":true,"href":"https:\/\/dasgrossekleinehaus.de\/index.php?rest_route=%2Fwp%2Fv2%2Fcategories&post=191"},{"taxonomy":"post_tag","embeddable":true,"href":"https:\/\/dasgrossekleinehaus.de\/index.php?rest_route=%2Fwp%2Fv2%2Ftags&post=191"}],"curies":[{"name":"wp","href":"https:\/\/api.w.org\/{rel}","templated":true}]}}