{"id":196,"date":"2019-07-04T18:20:51","date_gmt":"2019-07-04T18:20:51","guid":{"rendered":"http:\/\/dasgrossekleinehaus.de\/?p=196"},"modified":"2021-07-23T09:48:00","modified_gmt":"2021-07-23T09:48:00","slug":"mitgliederversammlung-im-juni","status":"publish","type":"post","link":"https:\/\/dasgrossekleinehaus.de\/?p=196","title":{"rendered":"Juni 2019: Mitgliederversammlung in der Halle 6"},"content":{"rendered":"\n<p>Am 6. Juni kamen wir erneut in gro\u00dfer Mitgliederrunde zusammen. Diesmal haben wir uns in der <a href=\"http:\/\/www.halle6.net\/\">Halle 6<\/a> im Kreativquartier getroffen. Wir haben uns vertieft \u00fcber unser Vorhaben ausgetauscht uns f\u00fcr ein gemischt genutztes Genossenschaftsgrundst\u00fcck im Kreativquartier zu bewerben. <\/p>\n","protected":false},"excerpt":{"rendered":"<p>Am 6. Juni kamen wir erneut in gro\u00dfer Mitgliederrunde zusammen. Diesmal haben wir uns in der Halle 6 im Kreativquartier getroffen. Wir haben uns vertieft \u00fcber unser Vorhaben ausgetauscht uns f\u00fcr ein gemischt genutztes Genossenschaftsgrundst\u00fcck im Kreativquartier zu bewerben.<\/p>\n","protected":false},"author":1,"featured_media":0,"comment_status":"open","ping_status":"open","sticky":false,"template":"","format":"standard","meta":{"footnotes":""},"categories":[1],"tags":[],"class_list":["post-196","post","type-post","status-publish","format-standard","hentry","category-uncategorized"],"_links":{"self":[{"href":"https:\/\/dasgrossekleinehaus.de\/index.php?rest_route=\/wp\/v2\/posts\/196","targetHints":{"allow":["GET"]}}],"collection":[{"href":"https:\/\/dasgrossekleinehaus.de\/index.php?rest_route=\/wp\/v2\/posts"}],"about":[{"href":"https:\/\/dasgrossekleinehaus.de\/index.php?rest_route=\/wp\/v2\/types\/post"}],"author":[{"embeddable":true,"href":"https:\/\/dasgrossekleinehaus.de\/index.php?rest_route=\/wp\/v2\/users\/1"}],"replies":[{"embeddable":true,"href":"https:\/\/dasgrossekleinehaus.de\/index.php?rest_route=%2Fwp%2Fv2%2Fcomments&post=196"}],"version-history":[{"count":2,"href":"https:\/\/dasgrossekleinehaus.de\/index.php?rest_route=\/wp\/v2\/posts\/196\/revisions"}],"predecessor-version":[{"id":222,"href":"https:\/\/dasgrossekleinehaus.de\/index.php?rest_route=\/wp\/v2\/posts\/196\/revisions\/222"}],"wp:attachment":[{"href":"https:\/\/dasgrossekleinehaus.de\/index.php?rest_route=%2Fwp%2Fv2%2Fmedia&parent=196"}],"wp:term":[{"taxonomy":"category","embeddable":true,"href":"https:\/\/dasgrossekleinehaus.de\/index.php?rest_route=%2Fwp%2Fv2%2Fcategories&post=196"},{"taxonomy":"post_tag","embeddable":true,"href":"https:\/\/dasgrossekleinehaus.de\/index.php?rest_route=%2Fwp%2Fv2%2Ftags&post=196"}],"curies":[{"name":"wp","href":"https:\/\/api.w.org\/{rel}","templated":true}]}}