{"id":208,"date":"2021-05-01T09:18:00","date_gmt":"2021-05-01T09:18:00","guid":{"rendered":"http:\/\/dasgrossekleinehaus.de\/?p=208"},"modified":"2021-07-26T13:10:03","modified_gmt":"2021-07-26T13:10:03","slug":"ideenworkshop-gemeinschaftsflaechen","status":"publish","type":"post","link":"https:\/\/dasgrossekleinehaus.de\/?p=208","title":{"rendered":"April 2021: Digitaler Ideenworkshop Gemeinschaftstreppe"},"content":{"rendered":"\n<p>Die Treppe als Begegnungsraum, Metapher und Symbol. Zusammen haben wir in einem digitalen Workshop per Videokonferenz Ideen fu\u0308r die Gemeinschaftsfl\u00e4chen im gro\u00dfen kleinen Haus entwickelt: Jede Genossin und jeder Genosse des gro\u00dfen kleinen Hauses hat dafu\u0308r ihre bzw. seine Vision einer Treppe skizziert, die als Symbol fu\u0308r das gro\u00dfe kleine Haus steht. Sie verbindet unten mit oben, links mit rechts, jung mit alt, gro\u00df mit klein \u2013 und steht fu\u0308r Vielfalt, Offenheit, Aktivit\u00e4t, Gemeinschaft und Verbindung.<\/p>\n\n\n\n<figure class=\"wp-block-embed is-type-video is-provider-vimeo wp-block-embed-vimeo\"><div class=\"wp-block-embed__wrapper\">\n<iframe loading=\"lazy\" title=\"Das gro\u00dfe kleine Haus - Gemeinschaftstreppe\" src=\"https:\/\/player.vimeo.com\/video\/578394304?dnt=1&amp;app_id=122963\" width=\"640\" height=\"640\" frameborder=\"0\" allow=\"autoplay; fullscreen; picture-in-picture; clipboard-write\"><\/iframe>\n<\/div><\/figure>\n\n\n\n<figure class=\"wp-block-image size-full\"><img loading=\"lazy\" decoding=\"async\" width=\"1024\" height=\"675\" src=\"https:\/\/dasgrossekleinehaus.de\/wp-content\/uploads\/2021\/07\/DGKH_210501_Treppenbilder.jpg\" alt=\"\" class=\"wp-image-226\" srcset=\"https:\/\/dasgrossekleinehaus.de\/wp-content\/uploads\/2021\/07\/DGKH_210501_Treppenbilder.jpg 1024w, https:\/\/dasgrossekleinehaus.de\/wp-content\/uploads\/2021\/07\/DGKH_210501_Treppenbilder-300x198.jpg 300w, https:\/\/dasgrossekleinehaus.de\/wp-content\/uploads\/2021\/07\/DGKH_210501_Treppenbilder-768x506.jpg 768w, https:\/\/dasgrossekleinehaus.de\/wp-content\/uploads\/2021\/07\/DGKH_210501_Treppenbilder-640x422.jpg 640w\" sizes=\"auto, (max-width: 1024px) 100vw, 1024px\" \/><figcaption>Die Treppe als Gemeinschaftsraum: jede Kachel spiegelt eine pers\u00f6nliche Idee eines Mitglieds wider, zusammen f\u00fcgen sich die einzelnen Ideen zu einem gemeinsamen Treppenbild<\/figcaption><\/figure>\n","protected":false},"excerpt":{"rendered":"<p>Die Treppe als Begegnungsraum, Metapher und Symbol. Zusammen haben wir in einem digitalen Workshop per Videokonferenz Ideen fu\u0308r die Gemeinschaftsfl\u00e4chen im gro\u00dfen kleinen Haus entwickelt: Jede Genossin und jeder Genosse des gro\u00dfen kleinen Hauses hat dafu\u0308r ihre bzw. seine Vision einer Treppe skizziert, die als Symbol fu\u0308r das gro\u00dfe kleine Haus steht. Sie verbindet unten [&hellip;]<\/p>\n","protected":false},"author":1,"featured_media":0,"comment_status":"open","ping_status":"open","sticky":false,"template":"","format":"standard","meta":{"footnotes":""},"categories":[1],"tags":[],"class_list":["post-208","post","type-post","status-publish","format-standard","hentry","category-uncategorized"],"_links":{"self":[{"href":"https:\/\/dasgrossekleinehaus.de\/index.php?rest_route=\/wp\/v2\/posts\/208","targetHints":{"allow":["GET"]}}],"collection":[{"href":"https:\/\/dasgrossekleinehaus.de\/index.php?rest_route=\/wp\/v2\/posts"}],"about":[{"href":"https:\/\/dasgrossekleinehaus.de\/index.php?rest_route=\/wp\/v2\/types\/post"}],"author":[{"embeddable":true,"href":"https:\/\/dasgrossekleinehaus.de\/index.php?rest_route=\/wp\/v2\/users\/1"}],"replies":[{"embeddable":true,"href":"https:\/\/dasgrossekleinehaus.de\/index.php?rest_route=%2Fwp%2Fv2%2Fcomments&post=208"}],"version-history":[{"count":8,"href":"https:\/\/dasgrossekleinehaus.de\/index.php?rest_route=\/wp\/v2\/posts\/208\/revisions"}],"predecessor-version":[{"id":258,"href":"https:\/\/dasgrossekleinehaus.de\/index.php?rest_route=\/wp\/v2\/posts\/208\/revisions\/258"}],"wp:attachment":[{"href":"https:\/\/dasgrossekleinehaus.de\/index.php?rest_route=%2Fwp%2Fv2%2Fmedia&parent=208"}],"wp:term":[{"taxonomy":"category","embeddable":true,"href":"https:\/\/dasgrossekleinehaus.de\/index.php?rest_route=%2Fwp%2Fv2%2Fcategories&post=208"},{"taxonomy":"post_tag","embeddable":true,"href":"https:\/\/dasgrossekleinehaus.de\/index.php?rest_route=%2Fwp%2Fv2%2Ftags&post=208"}],"curies":[{"name":"wp","href":"https:\/\/api.w.org\/{rel}","templated":true}]}}