{"id":233,"date":"2019-11-23T10:11:00","date_gmt":"2019-11-23T10:11:00","guid":{"rendered":"http:\/\/dasgrossekleinehaus.de\/?p=233"},"modified":"2021-07-23T10:20:43","modified_gmt":"2021-07-23T10:20:43","slug":"november-2019-thematische-arbeitsgruppen","status":"publish","type":"post","link":"https:\/\/dasgrossekleinehaus.de\/?p=233","title":{"rendered":"November 2019: Thematische Arbeitsgruppen"},"content":{"rendered":"\n<p>Um unser Konzept f\u00fcr einen gemischt genutzten Neubau im Kreativquartier in M\u00fcnchen weiter voranzubringen und zu vertiefen arbeiten unsere Genossinnen und Genossen in sechs thematischen Arbeitsgruppen zu den Themen:<br>Wohnen und Arbeiten \/ Soziales und Inklusion \/ \u00d6konomie \/ \u00d6kologie \/ Kommunikation \/ Architektur.<\/p>\n\n\n\n<p>Zusammen mit den Ergebnissen des gemeinsamen Modellbauworkshops sollen die Inhalte sp\u00e4ter in die Grundst\u00fccksbewerbung einflie\u00dfen.<\/p>\n\n\n\n<figure class=\"wp-block-image size-large\"><img loading=\"lazy\" decoding=\"async\" width=\"952\" height=\"1024\" src=\"https:\/\/dasgrossekleinehaus.de\/wp-content\/uploads\/2021\/07\/DGKH_200401_Arbeitsgruppen-952x1024.jpg\" alt=\"\" class=\"wp-image-234\" srcset=\"https:\/\/dasgrossekleinehaus.de\/wp-content\/uploads\/2021\/07\/DGKH_200401_Arbeitsgruppen-952x1024.jpg 952w, https:\/\/dasgrossekleinehaus.de\/wp-content\/uploads\/2021\/07\/DGKH_200401_Arbeitsgruppen-279x300.jpg 279w, https:\/\/dasgrossekleinehaus.de\/wp-content\/uploads\/2021\/07\/DGKH_200401_Arbeitsgruppen-768x826.jpg 768w, https:\/\/dasgrossekleinehaus.de\/wp-content\/uploads\/2021\/07\/DGKH_200401_Arbeitsgruppen-640x688.jpg 640w, https:\/\/dasgrossekleinehaus.de\/wp-content\/uploads\/2021\/07\/DGKH_200401_Arbeitsgruppen.jpg 1024w\" sizes=\"auto, (max-width: 952px) 100vw, 952px\" \/><\/figure>\n","protected":false},"excerpt":{"rendered":"<p>Um unser Konzept f\u00fcr einen gemischt genutzten Neubau im Kreativquartier in M\u00fcnchen weiter voranzubringen und zu vertiefen arbeiten unsere Genossinnen und Genossen in sechs thematischen Arbeitsgruppen zu den Themen:Wohnen und Arbeiten \/ Soziales und Inklusion \/ \u00d6konomie \/ \u00d6kologie \/ Kommunikation \/ Architektur. Zusammen mit den Ergebnissen des gemeinsamen Modellbauworkshops sollen die Inhalte sp\u00e4ter in [&hellip;]<\/p>\n","protected":false},"author":1,"featured_media":0,"comment_status":"open","ping_status":"open","sticky":false,"template":"","format":"standard","meta":{"footnotes":""},"categories":[1],"tags":[],"class_list":["post-233","post","type-post","status-publish","format-standard","hentry","category-uncategorized"],"_links":{"self":[{"href":"https:\/\/dasgrossekleinehaus.de\/index.php?rest_route=\/wp\/v2\/posts\/233","targetHints":{"allow":["GET"]}}],"collection":[{"href":"https:\/\/dasgrossekleinehaus.de\/index.php?rest_route=\/wp\/v2\/posts"}],"about":[{"href":"https:\/\/dasgrossekleinehaus.de\/index.php?rest_route=\/wp\/v2\/types\/post"}],"author":[{"embeddable":true,"href":"https:\/\/dasgrossekleinehaus.de\/index.php?rest_route=\/wp\/v2\/users\/1"}],"replies":[{"embeddable":true,"href":"https:\/\/dasgrossekleinehaus.de\/index.php?rest_route=%2Fwp%2Fv2%2Fcomments&post=233"}],"version-history":[{"count":1,"href":"https:\/\/dasgrossekleinehaus.de\/index.php?rest_route=\/wp\/v2\/posts\/233\/revisions"}],"predecessor-version":[{"id":235,"href":"https:\/\/dasgrossekleinehaus.de\/index.php?rest_route=\/wp\/v2\/posts\/233\/revisions\/235"}],"wp:attachment":[{"href":"https:\/\/dasgrossekleinehaus.de\/index.php?rest_route=%2Fwp%2Fv2%2Fmedia&parent=233"}],"wp:term":[{"taxonomy":"category","embeddable":true,"href":"https:\/\/dasgrossekleinehaus.de\/index.php?rest_route=%2Fwp%2Fv2%2Fcategories&post=233"},{"taxonomy":"post_tag","embeddable":true,"href":"https:\/\/dasgrossekleinehaus.de\/index.php?rest_route=%2Fwp%2Fv2%2Ftags&post=233"}],"curies":[{"name":"wp","href":"https:\/\/api.w.org\/{rel}","templated":true}]}}