{"id":275,"date":"2022-03-25T12:35:27","date_gmt":"2022-03-25T12:35:27","guid":{"rendered":"https:\/\/dasgrossekleinehaus.de\/?p=275"},"modified":"2023-08-31T08:19:09","modified_gmt":"2023-08-31T08:19:09","slug":"zuschlag-fuer-grundstueck-im-kreativquartier-muenchen","status":"publish","type":"post","link":"https:\/\/dasgrossekleinehaus.de\/?p=275","title":{"rendered":"Januar 2022: Zuschlag f\u00fcr Grundst\u00fcck im Kreativquartier M\u00fcnchen"},"content":{"rendered":"\n<p>Wir freuen uns sehr, dass unsere Genossenschaft Das gro\u00dfe kleine Haus eG bei der Grundst\u00fccksausschreibung der Stadt M\u00fcnchen den Zuschlag f\u00fcr das \u201eBaufeld MI\u201c im Labor erhalten hat. Das Baufeld befindet sich zwischen Atelierhaus und He\u00dfstr. an der Ecke zum zuk\u00fcnftigen Kreativpark gegen\u00fcber der (im Bau befindlichen) G\u00fcnter-Behnisch-Str..<\/p>\n\n\n\n<figure class=\"wp-block-image size-full\"><img loading=\"lazy\" decoding=\"async\" width=\"1024\" height=\"724\" src=\"https:\/\/dasgrossekleinehaus.de\/wp-content\/uploads\/2022\/03\/DGKH_Axo-gesamt-Sprechblasen\u00a9Das-grosse-kleine-Haus-eG-1.jpg\" alt=\"\" class=\"wp-image-277\" srcset=\"https:\/\/dasgrossekleinehaus.de\/wp-content\/uploads\/2022\/03\/DGKH_Axo-gesamt-Sprechblasen\u00a9Das-grosse-kleine-Haus-eG-1.jpg 1024w, https:\/\/dasgrossekleinehaus.de\/wp-content\/uploads\/2022\/03\/DGKH_Axo-gesamt-Sprechblasen\u00a9Das-grosse-kleine-Haus-eG-1-300x212.jpg 300w, https:\/\/dasgrossekleinehaus.de\/wp-content\/uploads\/2022\/03\/DGKH_Axo-gesamt-Sprechblasen\u00a9Das-grosse-kleine-Haus-eG-1-768x543.jpg 768w, https:\/\/dasgrossekleinehaus.de\/wp-content\/uploads\/2022\/03\/DGKH_Axo-gesamt-Sprechblasen\u00a9Das-grosse-kleine-Haus-eG-1-640x453.jpg 640w, https:\/\/dasgrossekleinehaus.de\/wp-content\/uploads\/2022\/03\/DGKH_Axo-gesamt-Sprechblasen\u00a9Das-grosse-kleine-Haus-eG-1-24x17.jpg 24w, https:\/\/dasgrossekleinehaus.de\/wp-content\/uploads\/2022\/03\/DGKH_Axo-gesamt-Sprechblasen\u00a9Das-grosse-kleine-Haus-eG-1-36x25.jpg 36w, https:\/\/dasgrossekleinehaus.de\/wp-content\/uploads\/2022\/03\/DGKH_Axo-gesamt-Sprechblasen\u00a9Das-grosse-kleine-Haus-eG-1-48x34.jpg 48w\" sizes=\"auto, (max-width: 1024px) 100vw, 1024px\" \/><figcaption class=\"wp-element-caption\">Das gro\u00dfe kleine Haus im Kreativlabor<\/figcaption><\/figure>\n\n\n\n<p>Hier soll eine bunte Mischung aus Wohn- und Gewerbenutzungen entstehen, die durch zahlreiche gemeinschaftliche R\u00e4ume erg\u00e4nzt und mit dem Quartier verzahnt werden \u2013 darunter ein Quartierscaf\u00e9 und eine Multihalle f\u00fcr vielf\u00e4ltige kreative, soziale und kulturelle Nutzungen. Uns ist sehr wichtig auch weiterhin und jetzt verst\u00e4rkt den Austausch mit allen interessierten Akteur*innen im Labor und im Kreativquartier zu suchen, damit der Neubau von Das gro\u00dfe kleine Haus ein fester Bestandteil des Labors und des Kreativquartiers werden kann. Unser Wunsch und Ziel ist es, dass unser neues gemischt genutztes Haus ein offenes Haus mit R\u00e4umen und Angeboten f\u00fcr das ganze Quartier wird.<\/p>\n\n\n\n<figure class=\"wp-block-image size-large\"><img loading=\"lazy\" decoding=\"async\" width=\"1024\" height=\"722\" src=\"https:\/\/dasgrossekleinehaus.de\/wp-content\/uploads\/2022\/03\/DGKH_Nachbarschaft\u00a9Das-grosse-kleine-Haus-eG-1024x722.jpg\" alt=\"\" class=\"wp-image-278\" srcset=\"https:\/\/dasgrossekleinehaus.de\/wp-content\/uploads\/2022\/03\/DGKH_Nachbarschaft\u00a9Das-grosse-kleine-Haus-eG-1024x722.jpg 1024w, https:\/\/dasgrossekleinehaus.de\/wp-content\/uploads\/2022\/03\/DGKH_Nachbarschaft\u00a9Das-grosse-kleine-Haus-eG-300x212.jpg 300w, https:\/\/dasgrossekleinehaus.de\/wp-content\/uploads\/2022\/03\/DGKH_Nachbarschaft\u00a9Das-grosse-kleine-Haus-eG-768x542.jpg 768w, https:\/\/dasgrossekleinehaus.de\/wp-content\/uploads\/2022\/03\/DGKH_Nachbarschaft\u00a9Das-grosse-kleine-Haus-eG-640x451.jpg 640w, https:\/\/dasgrossekleinehaus.de\/wp-content\/uploads\/2022\/03\/DGKH_Nachbarschaft\u00a9Das-grosse-kleine-Haus-eG-24x17.jpg 24w, https:\/\/dasgrossekleinehaus.de\/wp-content\/uploads\/2022\/03\/DGKH_Nachbarschaft\u00a9Das-grosse-kleine-Haus-eG-36x25.jpg 36w, https:\/\/dasgrossekleinehaus.de\/wp-content\/uploads\/2022\/03\/DGKH_Nachbarschaft\u00a9Das-grosse-kleine-Haus-eG-48x34.jpg 48w, https:\/\/dasgrossekleinehaus.de\/wp-content\/uploads\/2022\/03\/DGKH_Nachbarschaft\u00a9Das-grosse-kleine-Haus-eG.jpg 1048w\" sizes=\"auto, (max-width: 1024px) 100vw, 1024px\" \/><figcaption class=\"wp-element-caption\">Der Neubau soll ein fester und integrierter Bestandteil des Kreativlabors werden<\/figcaption><\/figure>\n","protected":false},"excerpt":{"rendered":"<p>Wir freuen uns sehr, dass unsere Genossenschaft Das gro\u00dfe kleine Haus eG bei der Grundst\u00fccksausschreibung der Stadt M\u00fcnchen den Zuschlag f\u00fcr das \u201eBaufeld MI\u201c im Labor erhalten hat. Das Baufeld befindet sich zwischen Atelierhaus und He\u00dfstr. an der Ecke zum zuk\u00fcnftigen Kreativpark gegen\u00fcber der (im Bau befindlichen) G\u00fcnter-Behnisch-Str.. Hier soll eine bunte Mischung aus Wohn- [&hellip;]<\/p>\n","protected":false},"author":1,"featured_media":0,"comment_status":"open","ping_status":"open","sticky":false,"template":"","format":"standard","meta":{"footnotes":""},"categories":[1],"tags":[],"class_list":["post-275","post","type-post","status-publish","format-standard","hentry","category-uncategorized"],"_links":{"self":[{"href":"https:\/\/dasgrossekleinehaus.de\/index.php?rest_route=\/wp\/v2\/posts\/275","targetHints":{"allow":["GET"]}}],"collection":[{"href":"https:\/\/dasgrossekleinehaus.de\/index.php?rest_route=\/wp\/v2\/posts"}],"about":[{"href":"https:\/\/dasgrossekleinehaus.de\/index.php?rest_route=\/wp\/v2\/types\/post"}],"author":[{"embeddable":true,"href":"https:\/\/dasgrossekleinehaus.de\/index.php?rest_route=\/wp\/v2\/users\/1"}],"replies":[{"embeddable":true,"href":"https:\/\/dasgrossekleinehaus.de\/index.php?rest_route=%2Fwp%2Fv2%2Fcomments&post=275"}],"version-history":[{"count":6,"href":"https:\/\/dasgrossekleinehaus.de\/index.php?rest_route=\/wp\/v2\/posts\/275\/revisions"}],"predecessor-version":[{"id":293,"href":"https:\/\/dasgrossekleinehaus.de\/index.php?rest_route=\/wp\/v2\/posts\/275\/revisions\/293"}],"wp:attachment":[{"href":"https:\/\/dasgrossekleinehaus.de\/index.php?rest_route=%2Fwp%2Fv2%2Fmedia&parent=275"}],"wp:term":[{"taxonomy":"category","embeddable":true,"href":"https:\/\/dasgrossekleinehaus.de\/index.php?rest_route=%2Fwp%2Fv2%2Fcategories&post=275"},{"taxonomy":"post_tag","embeddable":true,"href":"https:\/\/dasgrossekleinehaus.de\/index.php?rest_route=%2Fwp%2Fv2%2Ftags&post=275"}],"curies":[{"name":"wp","href":"https:\/\/api.w.org\/{rel}","templated":true}]}}