{"id":288,"date":"2018-04-26T11:38:00","date_gmt":"2018-04-26T11:38:00","guid":{"rendered":"https:\/\/dasgrossekleinehaus.de\/?p=288"},"modified":"2022-04-27T11:41:50","modified_gmt":"2022-04-27T11:41:50","slug":"fruehjahr-2018-gruendung-das-grosse-kleine-haus-eg","status":"publish","type":"post","link":"https:\/\/dasgrossekleinehaus.de\/?p=288","title":{"rendered":"Fr\u00fchjahr 2018: Gr\u00fcndung Das gro\u00dfe kleine Haus eG"},"content":{"rendered":"\n<p>Die Architekten und Stadtplaner Rainer Hofmann, Julius Klaffke, Andreas Krauth, Urs Kumberger, Ritz Ritzer und Verena Schmidt gr\u00fcnden die Genossenschaft Das gro\u00dfe kleine Haus eG mit dem Satzungszweck gemischt genutzte Neubauten (Gewerbe und Wohnen) zu errichten und zu betreiben.<\/p>\n\n\n\n<figure class=\"wp-block-image size-large\"><img loading=\"lazy\" decoding=\"async\" width=\"1024\" height=\"720\" src=\"https:\/\/dasgrossekleinehaus.de\/wp-content\/uploads\/2019\/02\/DgkH_Gruendungsteam-1024x720.jpg\" alt=\"\" class=\"wp-image-174\" srcset=\"https:\/\/dasgrossekleinehaus.de\/wp-content\/uploads\/2019\/02\/DgkH_Gruendungsteam-1024x720.jpg 1024w, https:\/\/dasgrossekleinehaus.de\/wp-content\/uploads\/2019\/02\/DgkH_Gruendungsteam-300x211.jpg 300w, https:\/\/dasgrossekleinehaus.de\/wp-content\/uploads\/2019\/02\/DgkH_Gruendungsteam-768x540.jpg 768w, https:\/\/dasgrossekleinehaus.de\/wp-content\/uploads\/2019\/02\/DgkH_Gruendungsteam-640x450.jpg 640w, https:\/\/dasgrossekleinehaus.de\/wp-content\/uploads\/2019\/02\/DgkH_Gruendungsteam.jpg 1048w\" sizes=\"auto, (max-width: 1024px) 100vw, 1024px\" \/><\/figure>\n","protected":false},"excerpt":{"rendered":"<p>Die Architekten und Stadtplaner Rainer Hofmann, Julius Klaffke, Andreas Krauth, Urs Kumberger, Ritz Ritzer und Verena Schmidt gr\u00fcnden die Genossenschaft Das gro\u00dfe kleine Haus eG mit dem Satzungszweck gemischt genutzte Neubauten (Gewerbe und Wohnen) zu errichten und zu betreiben.<\/p>\n","protected":false},"author":1,"featured_media":0,"comment_status":"open","ping_status":"open","sticky":false,"template":"","format":"standard","meta":{"footnotes":""},"categories":[1],"tags":[],"class_list":["post-288","post","type-post","status-publish","format-standard","hentry","category-uncategorized"],"_links":{"self":[{"href":"https:\/\/dasgrossekleinehaus.de\/index.php?rest_route=\/wp\/v2\/posts\/288","targetHints":{"allow":["GET"]}}],"collection":[{"href":"https:\/\/dasgrossekleinehaus.de\/index.php?rest_route=\/wp\/v2\/posts"}],"about":[{"href":"https:\/\/dasgrossekleinehaus.de\/index.php?rest_route=\/wp\/v2\/types\/post"}],"author":[{"embeddable":true,"href":"https:\/\/dasgrossekleinehaus.de\/index.php?rest_route=\/wp\/v2\/users\/1"}],"replies":[{"embeddable":true,"href":"https:\/\/dasgrossekleinehaus.de\/index.php?rest_route=%2Fwp%2Fv2%2Fcomments&post=288"}],"version-history":[{"count":1,"href":"https:\/\/dasgrossekleinehaus.de\/index.php?rest_route=\/wp\/v2\/posts\/288\/revisions"}],"predecessor-version":[{"id":289,"href":"https:\/\/dasgrossekleinehaus.de\/index.php?rest_route=\/wp\/v2\/posts\/288\/revisions\/289"}],"wp:attachment":[{"href":"https:\/\/dasgrossekleinehaus.de\/index.php?rest_route=%2Fwp%2Fv2%2Fmedia&parent=288"}],"wp:term":[{"taxonomy":"category","embeddable":true,"href":"https:\/\/dasgrossekleinehaus.de\/index.php?rest_route=%2Fwp%2Fv2%2Fcategories&post=288"},{"taxonomy":"post_tag","embeddable":true,"href":"https:\/\/dasgrossekleinehaus.de\/index.php?rest_route=%2Fwp%2Fv2%2Ftags&post=288"}],"curies":[{"name":"wp","href":"https:\/\/api.w.org\/{rel}","templated":true}]}}