{"id":294,"date":"2022-08-31T08:43:00","date_gmt":"2022-08-31T08:43:00","guid":{"rendered":"https:\/\/dasgrossekleinehaus.de\/?p=294"},"modified":"2023-08-31T09:29:26","modified_gmt":"2023-08-31T09:29:26","slug":"juli-2022-workshop-gemeinschaftsflaechen","status":"publish","type":"post","link":"https:\/\/dasgrossekleinehaus.de\/?p=294","title":{"rendered":"Juli 2022: Workshop Gemeinschaftsfl\u00e4chen"},"content":{"rendered":"\n<p>Bei unserem Workshop am 28. Juli kamen wir endlich mal wieder in echt und in Farbe direkt im Kreativlabor zusammen, um in Gruppen an den zuk\u00fcnftigen Gemeinschaftsr\u00e4umen zu arbeiten. Was sollen das f\u00fcr R\u00e4ume werden, die unser Haus mehr pr\u00e4gen werden als alles andere? Ob Multihalle, Kellerr\u00e4ume, Chaos-Weg, Clusterr\u00e4ume oder Dachterrasse, jetzt waren wir gefragt, wie wir uns die Gemeinschaft darin vorstellen. Erstaunlich war, wie plastisch die&nbsp;Ergebnisse nach nicht mal einer Stunde und mit nicht viel mehr als ein paar Bastelutensilien waren. Ansteckend war aber auch die Freude und Begeisterung, die das Entwickeln der Ideen bei allen ausl\u00f6ste. Damit war klar: Gemeinschaft steckt an &#8211; und motiviert.<\/p>\n\n\n\n<figure class=\"wp-block-image size-large\"><img loading=\"lazy\" decoding=\"async\" width=\"1024\" height=\"1024\" src=\"https:\/\/dasgrossekleinehaus.de\/wp-content\/uploads\/2023\/08\/220728_dgkh_gemeinschaftsflaechenworkshop_webfotos-1024x1024.jpg\" alt=\"\" class=\"wp-image-296\" srcset=\"https:\/\/dasgrossekleinehaus.de\/wp-content\/uploads\/2023\/08\/220728_dgkh_gemeinschaftsflaechenworkshop_webfotos-1024x1024.jpg 1024w, https:\/\/dasgrossekleinehaus.de\/wp-content\/uploads\/2023\/08\/220728_dgkh_gemeinschaftsflaechenworkshop_webfotos-300x300.jpg 300w, https:\/\/dasgrossekleinehaus.de\/wp-content\/uploads\/2023\/08\/220728_dgkh_gemeinschaftsflaechenworkshop_webfotos-150x150.jpg 150w, https:\/\/dasgrossekleinehaus.de\/wp-content\/uploads\/2023\/08\/220728_dgkh_gemeinschaftsflaechenworkshop_webfotos-768x768.jpg 768w, https:\/\/dasgrossekleinehaus.de\/wp-content\/uploads\/2023\/08\/220728_dgkh_gemeinschaftsflaechenworkshop_webfotos-1536x1536.jpg 1536w, https:\/\/dasgrossekleinehaus.de\/wp-content\/uploads\/2023\/08\/220728_dgkh_gemeinschaftsflaechenworkshop_webfotos-2048x2048.jpg 2048w, https:\/\/dasgrossekleinehaus.de\/wp-content\/uploads\/2023\/08\/220728_dgkh_gemeinschaftsflaechenworkshop_webfotos-640x640.jpg 640w, https:\/\/dasgrossekleinehaus.de\/wp-content\/uploads\/2023\/08\/220728_dgkh_gemeinschaftsflaechenworkshop_webfotos-24x24.jpg 24w, https:\/\/dasgrossekleinehaus.de\/wp-content\/uploads\/2023\/08\/220728_dgkh_gemeinschaftsflaechenworkshop_webfotos-36x36.jpg 36w, https:\/\/dasgrossekleinehaus.de\/wp-content\/uploads\/2023\/08\/220728_dgkh_gemeinschaftsflaechenworkshop_webfotos-48x48.jpg 48w\" sizes=\"auto, (max-width: 1024px) 100vw, 1024px\" \/><\/figure>\n","protected":false},"excerpt":{"rendered":"<p>Bei unserem Workshop am 28. Juli kamen wir endlich mal wieder in echt und in Farbe direkt im Kreativlabor zusammen, um in Gruppen an den zuk\u00fcnftigen Gemeinschaftsr\u00e4umen zu arbeiten. Was sollen das f\u00fcr R\u00e4ume werden, die unser Haus mehr pr\u00e4gen werden als alles andere? Ob Multihalle, Kellerr\u00e4ume, Chaos-Weg, Clusterr\u00e4ume oder Dachterrasse, jetzt waren wir gefragt, [&hellip;]<\/p>\n","protected":false},"author":1,"featured_media":0,"comment_status":"closed","ping_status":"open","sticky":false,"template":"","format":"standard","meta":{"footnotes":""},"categories":[1],"tags":[],"class_list":["post-294","post","type-post","status-publish","format-standard","hentry","category-uncategorized"],"_links":{"self":[{"href":"https:\/\/dasgrossekleinehaus.de\/index.php?rest_route=\/wp\/v2\/posts\/294","targetHints":{"allow":["GET"]}}],"collection":[{"href":"https:\/\/dasgrossekleinehaus.de\/index.php?rest_route=\/wp\/v2\/posts"}],"about":[{"href":"https:\/\/dasgrossekleinehaus.de\/index.php?rest_route=\/wp\/v2\/types\/post"}],"author":[{"embeddable":true,"href":"https:\/\/dasgrossekleinehaus.de\/index.php?rest_route=\/wp\/v2\/users\/1"}],"replies":[{"embeddable":true,"href":"https:\/\/dasgrossekleinehaus.de\/index.php?rest_route=%2Fwp%2Fv2%2Fcomments&post=294"}],"version-history":[{"count":3,"href":"https:\/\/dasgrossekleinehaus.de\/index.php?rest_route=\/wp\/v2\/posts\/294\/revisions"}],"predecessor-version":[{"id":302,"href":"https:\/\/dasgrossekleinehaus.de\/index.php?rest_route=\/wp\/v2\/posts\/294\/revisions\/302"}],"wp:attachment":[{"href":"https:\/\/dasgrossekleinehaus.de\/index.php?rest_route=%2Fwp%2Fv2%2Fmedia&parent=294"}],"wp:term":[{"taxonomy":"category","embeddable":true,"href":"https:\/\/dasgrossekleinehaus.de\/index.php?rest_route=%2Fwp%2Fv2%2Fcategories&post=294"},{"taxonomy":"post_tag","embeddable":true,"href":"https:\/\/dasgrossekleinehaus.de\/index.php?rest_route=%2Fwp%2Fv2%2Ftags&post=294"}],"curies":[{"name":"wp","href":"https:\/\/api.w.org\/{rel}","templated":true}]}}