{"id":303,"date":"2023-08-31T09:46:42","date_gmt":"2023-08-31T09:46:42","guid":{"rendered":"https:\/\/dasgrossekleinehaus.de\/?p=303"},"modified":"2023-08-31T09:46:42","modified_gmt":"2023-08-31T09:46:42","slug":"juli-2023-unterzeichnung-erbbaurechtsvertrag","status":"publish","type":"post","link":"https:\/\/dasgrossekleinehaus.de\/?p=303","title":{"rendered":"Juli 2023: Unterzeichnung Erbbaurechtsvertrag"},"content":{"rendered":"\n<p>Jetzt ist es amtlich. Die Tinte ist trocken. Am 10. Juli hat die Das gro\u00dfe kleine Haus eG den Erbbaurechtsvertrag mit der Stadt M\u00fcnchen f\u00fcr das Grundst\u00fcck &#8222;Baufeld MI&#8220; im Kreativquartier unterschrieben. Der Baubeginn ist f\u00fcr das Jahr 2024 geplant.<\/p>\n","protected":false},"excerpt":{"rendered":"<p>Jetzt ist es amtlich. Die Tinte ist trocken. Am 10. Juli hat die Das gro\u00dfe kleine Haus eG den Erbbaurechtsvertrag mit der Stadt M\u00fcnchen f\u00fcr das Grundst\u00fcck &#8222;Baufeld MI&#8220; im Kreativquartier unterschrieben. Der Baubeginn ist f\u00fcr das Jahr 2024 geplant.<\/p>\n","protected":false},"author":1,"featured_media":0,"comment_status":"closed","ping_status":"open","sticky":false,"template":"","format":"standard","meta":{"footnotes":""},"categories":[1],"tags":[],"class_list":["post-303","post","type-post","status-publish","format-standard","hentry","category-uncategorized"],"_links":{"self":[{"href":"https:\/\/dasgrossekleinehaus.de\/index.php?rest_route=\/wp\/v2\/posts\/303","targetHints":{"allow":["GET"]}}],"collection":[{"href":"https:\/\/dasgrossekleinehaus.de\/index.php?rest_route=\/wp\/v2\/posts"}],"about":[{"href":"https:\/\/dasgrossekleinehaus.de\/index.php?rest_route=\/wp\/v2\/types\/post"}],"author":[{"embeddable":true,"href":"https:\/\/dasgrossekleinehaus.de\/index.php?rest_route=\/wp\/v2\/users\/1"}],"replies":[{"embeddable":true,"href":"https:\/\/dasgrossekleinehaus.de\/index.php?rest_route=%2Fwp%2Fv2%2Fcomments&post=303"}],"version-history":[{"count":1,"href":"https:\/\/dasgrossekleinehaus.de\/index.php?rest_route=\/wp\/v2\/posts\/303\/revisions"}],"predecessor-version":[{"id":304,"href":"https:\/\/dasgrossekleinehaus.de\/index.php?rest_route=\/wp\/v2\/posts\/303\/revisions\/304"}],"wp:attachment":[{"href":"https:\/\/dasgrossekleinehaus.de\/index.php?rest_route=%2Fwp%2Fv2%2Fmedia&parent=303"}],"wp:term":[{"taxonomy":"category","embeddable":true,"href":"https:\/\/dasgrossekleinehaus.de\/index.php?rest_route=%2Fwp%2Fv2%2Fcategories&post=303"},{"taxonomy":"post_tag","embeddable":true,"href":"https:\/\/dasgrossekleinehaus.de\/index.php?rest_route=%2Fwp%2Fv2%2Ftags&post=303"}],"curies":[{"name":"wp","href":"https:\/\/api.w.org\/{rel}","templated":true}]}}