{"id":321,"date":"2024-08-07T09:39:26","date_gmt":"2024-08-07T09:39:26","guid":{"rendered":"https:\/\/dasgrossekleinehaus.de\/?p=321"},"modified":"2025-05-20T12:22:21","modified_gmt":"2025-05-20T12:22:21","slug":"juli-2024-allerletzte-gewerbe-einheit-zu-vergeben","status":"publish","type":"post","link":"https:\/\/dasgrossekleinehaus.de\/?p=321","title":{"rendered":"Die letzte Gewerbe-Einheit wird gerade vergeben"},"content":{"rendered":"\n<p>F\u00fcr unsere letzte Gewerbefl\u00e4che (ca. 72 m<sup>2<\/sup>) mit toller Galerie, suchen wir kreative Unternehmer, die ein langfristiges Interesse an modernen R\u00e4umlichkeiten in einem besonderen Umfeld und bester Lage haben. Mehr Infos im aktualisierten Expos\u00e9.<\/p>\n\n\n\n<figure class=\"wp-block-image size-full\"><img loading=\"lazy\" decoding=\"async\" width=\"991\" height=\"546\" src=\"https:\/\/dasgrossekleinehaus.de\/wp-content\/uploads\/2024\/07\/Screenshot-2024-07-10-114133-1.png\" alt=\"\" class=\"wp-image-326\" srcset=\"https:\/\/dasgrossekleinehaus.de\/wp-content\/uploads\/2024\/07\/Screenshot-2024-07-10-114133-1.png 991w, https:\/\/dasgrossekleinehaus.de\/wp-content\/uploads\/2024\/07\/Screenshot-2024-07-10-114133-1-300x165.png 300w, https:\/\/dasgrossekleinehaus.de\/wp-content\/uploads\/2024\/07\/Screenshot-2024-07-10-114133-1-768x423.png 768w, https:\/\/dasgrossekleinehaus.de\/wp-content\/uploads\/2024\/07\/Screenshot-2024-07-10-114133-1-640x353.png 640w, https:\/\/dasgrossekleinehaus.de\/wp-content\/uploads\/2024\/07\/Screenshot-2024-07-10-114133-1-24x13.png 24w, https:\/\/dasgrossekleinehaus.de\/wp-content\/uploads\/2024\/07\/Screenshot-2024-07-10-114133-1-36x20.png 36w, https:\/\/dasgrossekleinehaus.de\/wp-content\/uploads\/2024\/07\/Screenshot-2024-07-10-114133-1-48x26.png 48w\" sizes=\"auto, (max-width: 991px) 100vw, 991px\" \/><\/figure>\n\n\n\n<div class=\"wp-block-file\"><a id=\"wp-block-file--media-1760f48c-3363-4519-8c4f-5bb12e80f650\" href=\"https:\/\/dasgrossekleinehaus.de\/wp-content\/uploads\/2024\/07\/DGKH-Expose_Gewerbe_2024_2-1.pdf\">DGKH-Expose_Gewerbe_2024_2-1<\/a><a href=\"https:\/\/dasgrossekleinehaus.de\/wp-content\/uploads\/2024\/07\/DGKH-Expose_Gewerbe_2024_2-1.pdf\" class=\"wp-block-file__button wp-element-button\" download aria-describedby=\"wp-block-file--media-1760f48c-3363-4519-8c4f-5bb12e80f650\">Herunterladen<\/a><\/div>\n","protected":false},"excerpt":{"rendered":"<p>F\u00fcr unsere letzte Gewerbefl\u00e4che (ca. 72 m2) mit toller Galerie, suchen wir kreative Unternehmer, die ein langfristiges Interesse an modernen R\u00e4umlichkeiten in einem besonderen Umfeld und bester Lage haben. Mehr Infos im aktualisierten Expos\u00e9.<\/p>\n","protected":false},"author":1,"featured_media":0,"comment_status":"closed","ping_status":"open","sticky":false,"template":"","format":"standard","meta":{"footnotes":""},"categories":[1],"tags":[],"class_list":["post-321","post","type-post","status-publish","format-standard","hentry","category-uncategorized"],"_links":{"self":[{"href":"https:\/\/dasgrossekleinehaus.de\/index.php?rest_route=\/wp\/v2\/posts\/321","targetHints":{"allow":["GET"]}}],"collection":[{"href":"https:\/\/dasgrossekleinehaus.de\/index.php?rest_route=\/wp\/v2\/posts"}],"about":[{"href":"https:\/\/dasgrossekleinehaus.de\/index.php?rest_route=\/wp\/v2\/types\/post"}],"author":[{"embeddable":true,"href":"https:\/\/dasgrossekleinehaus.de\/index.php?rest_route=\/wp\/v2\/users\/1"}],"replies":[{"embeddable":true,"href":"https:\/\/dasgrossekleinehaus.de\/index.php?rest_route=%2Fwp%2Fv2%2Fcomments&post=321"}],"version-history":[{"count":7,"href":"https:\/\/dasgrossekleinehaus.de\/index.php?rest_route=\/wp\/v2\/posts\/321\/revisions"}],"predecessor-version":[{"id":353,"href":"https:\/\/dasgrossekleinehaus.de\/index.php?rest_route=\/wp\/v2\/posts\/321\/revisions\/353"}],"wp:attachment":[{"href":"https:\/\/dasgrossekleinehaus.de\/index.php?rest_route=%2Fwp%2Fv2%2Fmedia&parent=321"}],"wp:term":[{"taxonomy":"category","embeddable":true,"href":"https:\/\/dasgrossekleinehaus.de\/index.php?rest_route=%2Fwp%2Fv2%2Fcategories&post=321"},{"taxonomy":"post_tag","embeddable":true,"href":"https:\/\/dasgrossekleinehaus.de\/index.php?rest_route=%2Fwp%2Fv2%2Ftags&post=321"}],"curies":[{"name":"wp","href":"https:\/\/api.w.org\/{rel}","templated":true}]}}