{"id":52,"date":"2018-10-25T12:33:06","date_gmt":"2018-10-25T12:33:06","guid":{"rendered":"http:\/\/dasgrossekleinehaus.de\/?p=52"},"modified":"2021-07-23T11:29:45","modified_gmt":"2021-07-23T11:29:45","slug":"das-grosse-kleine-haus-eg","status":"publish","type":"post","link":"https:\/\/dasgrossekleinehaus.de\/?p=52","title":{"rendered":"November 2018: Einladung zur \u00f6ffentlichen Vorstellung und Diskussion im Kreativlabor"},"content":{"rendered":"<p>Liebe M\u00fcnchnerinnen und M\u00fcnchner,<br \/>\nliebe Freunde und Aktive im Kreativquartier,<\/p>\n<p>wir m\u00f6chten Sie herzlich einladen zur \u00f6ffentlichen Vorstellung und Diskussion unserer neu gegr\u00fcndeten Genossenschaft f\u00fcr gemischt genutzte H\u00e4user:<br \/>\nDas gro\u00dfe kleine Haus eG.<\/p>\n<p><strong>IMPORT EXPORT KANTINE<\/strong><br \/>\nim Kreativquartier M\u00fcnchen, Schwere Reiter Str. 2, 80979 M\u00fcnchen<br \/>\nam <strong>SAMSTAG, 8. DEZEMBER 2018<\/strong> von <strong>16 &#8211; 18 UHR<\/strong><\/p>\n<p>Das Ziel unserer Genossenschaft ist der Neubau von gemischt genutzten H\u00e4usern in st\u00e4dtischer Umgebung. Wir sind gro\u00dfe Freunde von einer dichten, bunten, urbanen, gemischten, multikulturellen, manchmal lauten und ereignisreichen Nachbarschaft. Wir m\u00f6chten als Genossenschaft gemeinsam neue Geb\u00e4ude bauen, betreiben und nutzen, in denen kreativ gearbeitet und kooperativ gewohnt wird und die mit ihrer Nachbarschaft in einen produktiven Austausch treten. F\u00fcr unser erstes konkretes Projekt wollen wir uns f\u00fcr ein Grundst\u00fcck im Kreativlabor in M\u00fcnchen bewerben.<\/p>\n<p>Daf\u00fcr suchen wir zuk\u00fcnftige Nutzer*innen und engagierte Mitstreiter*innen mit guten Ideen, wie heute Wohnen und kreatives Arbeiten kombiniert werden kann.<\/p>\n<p>Wir freuen uns auf den Austausch mit Ihnen!<\/p>\n<p>Herzliche Gr\u00fc\u00dfe<br \/>\nAndreas, Julius, Rainer, Ritz, Urs und Verena<\/p>\n","protected":false},"excerpt":{"rendered":"<p>Liebe M\u00fcnchnerinnen und M\u00fcnchner, liebe Freunde und Aktive im Kreativquartier, wir m\u00f6chten Sie herzlich einladen zur \u00f6ffentlichen Vorstellung und Diskussion unserer neu gegr\u00fcndeten Genossenschaft f\u00fcr gemischt genutzte H\u00e4user: Das gro\u00dfe kleine Haus eG. IMPORT EXPORT KANTINE im Kreativquartier M\u00fcnchen, Schwere Reiter Str. 2, 80979 M\u00fcnchen am SAMSTAG, 8. DEZEMBER 2018 von 16 &#8211; 18 UHR [&hellip;]<\/p>\n","protected":false},"author":1,"featured_media":0,"comment_status":"open","ping_status":"open","sticky":false,"template":"","format":"standard","meta":{"footnotes":""},"categories":[1],"tags":[],"class_list":["post-52","post","type-post","status-publish","format-standard","hentry","category-uncategorized"],"_links":{"self":[{"href":"https:\/\/dasgrossekleinehaus.de\/index.php?rest_route=\/wp\/v2\/posts\/52","targetHints":{"allow":["GET"]}}],"collection":[{"href":"https:\/\/dasgrossekleinehaus.de\/index.php?rest_route=\/wp\/v2\/posts"}],"about":[{"href":"https:\/\/dasgrossekleinehaus.de\/index.php?rest_route=\/wp\/v2\/types\/post"}],"author":[{"embeddable":true,"href":"https:\/\/dasgrossekleinehaus.de\/index.php?rest_route=\/wp\/v2\/users\/1"}],"replies":[{"embeddable":true,"href":"https:\/\/dasgrossekleinehaus.de\/index.php?rest_route=%2Fwp%2Fv2%2Fcomments&post=52"}],"version-history":[{"count":24,"href":"https:\/\/dasgrossekleinehaus.de\/index.php?rest_route=\/wp\/v2\/posts\/52\/revisions"}],"predecessor-version":[{"id":160,"href":"https:\/\/dasgrossekleinehaus.de\/index.php?rest_route=\/wp\/v2\/posts\/52\/revisions\/160"}],"wp:attachment":[{"href":"https:\/\/dasgrossekleinehaus.de\/index.php?rest_route=%2Fwp%2Fv2%2Fmedia&parent=52"}],"wp:term":[{"taxonomy":"category","embeddable":true,"href":"https:\/\/dasgrossekleinehaus.de\/index.php?rest_route=%2Fwp%2Fv2%2Fcategories&post=52"},{"taxonomy":"post_tag","embeddable":true,"href":"https:\/\/dasgrossekleinehaus.de\/index.php?rest_route=%2Fwp%2Fv2%2Ftags&post=52"}],"curies":[{"name":"wp","href":"https:\/\/api.w.org\/{rel}","templated":true}]}}